{"id":6655,"date":"2026-09-04T15:36:13","date_gmt":"2026-09-04T13:36:13","guid":{"rendered":"http:\/\/olesnicaslw.archidiecezja.wroc.pl\/?p=6655"},"modified":"2026-09-04T15:36:13","modified_gmt":"2026-09-04T13:36:13","slug":"apel-rady-stalej-biskupow-w-sprawie-pojednania-polsko-ukrainskiego","status":"publish","type":"post","link":"http:\/\/olesnicaslw.archidiecezja.wroc.pl\/?p=6655","title":{"rendered":"Apel Rady Sta\u0142ej Biskup\u00f3w w sprawie pojednania polsko-ukrai\u0144skiego"},"content":{"rendered":"<p>Apel Rady Sta\u0142ej Biskup\u00f3w<br \/>\nw sprawie pojednania polsko-ukrai\u0144skiego<\/p>\n<p>W ostatnim czasie media opisuj\u0105 przypadki narastaj\u0105cej agresji, do kt\u00f3rej dochodzi mi\u0119dzy Ukrai\u0144cami i Polakami. Wszystkie te zdarzenia, niezale\u017cnie od tego czy maj\u0105 pod\u0142o\u017ce narodowo\u015bciowe, chuliga\u0144skie czy kryminalne, s\u0105 godne pot\u0119pienia.<br \/>\nKiedy w lutym 2022 roku wybuch\u0142a pe\u0142noskalowa wojna na terytorium Ukrainy i gdy setki tysi\u0119cy uchod\u017ac\u00f3w z tego kraju przekracza\u0142y granic\u0119 Polski, postawa naszych Rodak\u00f3w budzi\u0142a podziw i szacunek na ca\u0142ym \u015bwiecie. Wielkodusznie otwarli\u015bmy wtedy dla nich nasze domy i mieszkania, a dziesi\u0105tki organizacji pomocowych i tysi\u0105ce ludzi dobrej woli w ca\u0142ym kraju z wielk\u0105 hojno\u015bci\u0105 pomaga\u0142o uciekinierom w tranzycie do innych kraj\u00f3w b\u0105d\u017a te\u017c w czasowym osiedleniu si\u0119 w Polsce. Organizowano dla uchod\u017ac\u00f3w wy\u017cywienie i pomoc medyczn\u0105, finansow\u0105, prawn\u0105, duszpastersk\u0105, psychologiczn\u0105 czy edukacyjn\u0105. W tych dzia\u0142aniach, od samego pocz\u0105tku wojny, na pierwszej linii sta\u0142y Ko\u015bcio\u0142y chrze\u015bcija\u0144skie, jego duchowni, konsekrowani i \u015bwieccy, Caritas Polska, Caritas diecezjalne i setki innych organizacji pomocowych, parafii, ruch\u00f3w i stowarzysze\u0144 katolickich. Tej s\u0142u\u017cby braciom w Ukrainie, a tak\u017ce uchod\u017acom z tego kraju do Polski, nigdy nie zaprzestali\u015bmy i nie ograniczyli\u015bmy, wpieraj\u0105c w tym w\u0142adze pa\u0144stwowe i samorz\u0105dowe. Przez ca\u0142y czas stoimy, jako Ko\u015bci\u00f3\u0142, zawsze po stronie najbardziej poszkodowanych, rodzin ofiar wojny, tych, kt\u00f3rzy cierpi\u0105 i cz\u0119sto nie maj\u0105 ju\u017c dok\u0105d wraca\u0107.<br \/>\nWspomniane wcze\u015bniej incydenty zdecydowanie kontrastuj\u0105 z podejmowanymi przez Ko\u015bci\u00f3\u0142 od ponad czterech lat dzia\u0142aniami. Konferencja Episkopatu Polski wielokrotnie apelowa\u0142a o solidarno\u015b\u0107 z potrzebuj\u0105cymi w Ukrainie i o pojednanie mi\u0119dzy naszymi narodami, dotkni\u0119tymi przecie\u017c bolesnymi ranami historii. Gor\u0105co wierzymy, \u017ce rany te mog\u0105 si\u0119 zabli\u017ani\u0107, a ponad nimi stan\u0105 wzajemny szacunek i pojednanie.<br \/>\nApelujemy do wierz\u0105cych i niewierz\u0105cych, do ludzi dobrej woli w Polsce, o szukanie w relacjach polsko-ukrai\u0144skich przede wszystkim ducha pojednania i chrze\u015bcija\u0144skiej mi\u0142o\u015bci. Apelujemy o uczciwy dialog historyczny, by ciemne plamy naszej wsp\u00f3lnej historii zosta\u0142y w pe\u0142ni wyja\u015bnione. Apelujemy r\u00f3wnie\u017c, aby nie podsyca\u0107 argument\u00f3w narodowo\u015bciowych wrogich komukolwiek. Apelujemy tak\u017ce do w\u0142adz pa\u0144stwowych o skuteczniejsze zapobieganie incydentom o charakterze narodowo\u015bciowym, przy r\u00f3wnoczesnym zapewnieniu przestrzegania prawa przez wszystkich, kt\u00f3rzy znajduj\u0105 si\u0119 na terenie naszego kraju.<\/p>\n<p>Cz\u0119stochowa, 26 sierpnia 2026 r.<\/p>\n<p>&nbsp;<\/p>\n","protected":false},"excerpt":{"rendered":"<p>Apel Rady Sta\u0142ej Biskup\u00f3w w sprawie pojednania polsko-ukrai\u0144skiego W ostatnim czasie media opisuj\u0105 przypadki narastaj\u0105cej agresji, do kt\u00f3rej dochodzi mi\u0119dzy Ukrai\u0144cami i Polakami. Wszystkie te zdarzenia, niezale\u017cnie od tego czy maj\u0105 pod\u0142o\u017ce narodowo\u015bciowe, chuliga\u0144skie czy kryminalne, s\u0105 godne pot\u0119pienia. Kiedy w lutym 2022 roku wybuch\u0142a pe\u0142noskalowa wojna na terytorium Ukrainy &hellip;<\/p>\n","protected":false},"author":1,"featured_media":5384,"comment_status":"closed","ping_status":"open","sticky":false,"template":"","format":"standard","meta":[],"categories":[5],"tags":[],"_links":{"self":[{"href":"http:\/\/olesnicaslw.archidiecezja.wroc.pl\/index.php?rest_route=\/wp\/v2\/posts\/6655"}],"collection":[{"href":"http:\/\/olesnicaslw.archidiecezja.wroc.pl\/index.php?rest_route=\/wp\/v2\/posts"}],"about":[{"href":"http:\/\/olesnicaslw.archidiecezja.wroc.pl\/index.php?rest_route=\/wp\/v2\/types\/post"}],"author":[{"embeddable":true,"href":"http:\/\/olesnicaslw.archidiecezja.wroc.pl\/index.php?rest_route=\/wp\/v2\/users\/1"}],"replies":[{"embeddable":true,"href":"http:\/\/olesnicaslw.archidiecezja.wroc.pl\/index.php?rest_route=%2Fwp%2Fv2%2Fcomments&post=6655"}],"version-history":[{"count":1,"href":"http:\/\/olesnicaslw.archidiecezja.wroc.pl\/index.php?rest_route=\/wp\/v2\/posts\/6655\/revisions"}],"predecessor-version":[{"id":6656,"href":"http:\/\/olesnicaslw.archidiecezja.wroc.pl\/index.php?rest_route=\/wp\/v2\/posts\/6655\/revisions\/6656"}],"wp:featuredmedia":[{"embeddable":true,"href":"http:\/\/olesnicaslw.archidiecezja.wroc.pl\/index.php?rest_route=\/wp\/v2\/media\/5384"}],"wp:attachment":[{"href":"http:\/\/olesnicaslw.archidiecezja.wroc.pl\/index.php?rest_route=%2Fwp%2Fv2%2Fmedia&parent=6655"}],"wp:term":[{"taxonomy":"category","embeddable":true,"href":"http:\/\/olesnicaslw.archidiecezja.wroc.pl\/index.php?rest_route=%2Fwp%2Fv2%2Fcategories&post=6655"},{"taxonomy":"post_tag","embeddable":true,"href":"http:\/\/olesnicaslw.archidiecezja.wroc.pl\/index.php?rest_route=%2Fwp%2Fv2%2Ftags&post=6655"}],"curies":[{"name":"wp","href":"https:\/\/api.w.org\/{rel}","templated":true}]}}