{"id":6331,"date":"2026-04-30T08:57:24","date_gmt":"2026-04-30T06:57:24","guid":{"rendered":"http:\/\/olesnicaslw.archidiecezja.wroc.pl\/?p=6331"},"modified":"2026-04-30T08:57:24","modified_gmt":"2026-04-30T06:57:24","slug":"3-maja-uroczystosc-nmp-krolowej-polski","status":"publish","type":"post","link":"http:\/\/olesnicaslw.archidiecezja.wroc.pl\/index.php\/2026\/04\/30\/3-maja-uroczystosc-nmp-krolowej-polski\/","title":{"rendered":"3 maja Uroczysto\u015b\u0107 NMP Kr\u00f3lowej Polski"},"content":{"rendered":"<p><strong>Polska jest wyj\u0105tkowym krajem a Polacy wyj\u0105tkowym narodem. Nasz\u0105 Kr\u00f3low\u0105 jest Matka Bo\u017ca, kt\u00f3rej opiece i wstawiennictwu zawdzi\u0119czamy tak wiele, \u017ce na pewno nie mo\u017cemy sobie tego nawet wyobrazi\u0107. Obrona Cz\u0119stochowy, cud nad Wis\u0142\u0105, gdy zaczniemy poznawa\u0107 histori\u0119 Polski, tyle, \u017ce nie z najnowszych \u017ar\u00f3de\u0142 (niestety), a najlepiej z tekst\u00f3w \u017ar\u00f3d\u0142owych i relacji z tamtych czas\u00f3w, znajdziemy dok\u0142adne informacje, o wielkiej b\u0142agalnej modlitwie jak\u0105 nar\u00f3d polski zanosi\u0142 przed tron Bo\u017cy, za wstawiennictwem Matki Bo\u017cej, odmawiaj\u0105c we wszystkich ko\u015bcio\u0142ach R\u00f3\u017caniec. Kr\u00f3lowie i wojsko modlili si\u0119 przed bitwami, upraszaj\u0105c ratunek dla Polski, uczestnicz\u0105c we Mszach \u015awi\u0119tych sprawowanych w tej intencji, nawet dw\u00f3ch dziennie. Przypomnijmy pie\u015b\u0144, z jak\u0105 wyruszono do boju pod Grunwaldem \u2013 Bogurodzica.<\/strong><br \/>\n<strong>I przyszed\u0142 czas, niezwykle donios\u0142a chwila, gdy Matka Bo\u017ca sama, objawiaj\u0105c si\u0119 w niezwyk\u0142ym majestacie, powiedzia\u0142a podczas objawie\u0144, aby\u015bmy nazywali J\u0105 Kr\u00f3low\u0105 Polski. To niepoj\u0119te wyr\u00f3\u017cnienie i wielka \u0142aska dla naszego narodu. Ale i wielkie zadanie. Wielokrotnie nas ratowa\u0142a, ukazywa\u0142a drog\u0119, napomina\u0142a i podtrzymywa\u0142a na duchu.<\/strong><\/p>\n<p>Papie\u017c Innocenty XII powiedzia\u0142 do hetmana Stanis\u0142awa Jab\u0142onowskiego:\u00a0<span class=\"has-inline-color has-black-color\">\u201e<em>Szcz\u0119\u015bliwe narody, kt\u00f3re maj\u0105 tak\u0105 histori\u0119, jak Polska, szcz\u0119\u015bliwszego od was nie widz\u0119 pa\u0144stwa, gdy\u017c wam jedynym zechcia\u0142a by\u0107 Kr\u00f3low\u0105 Maryja, a to jest zaszczyt nad zaszczyty i szcz\u0119\u015bcie niewymowne oby\u015bcie to tylko zrozumieli sami\u201d.<\/em>\u00a0<\/span>S\u0142owa te odnosz\u0105 si\u0119 do faktu objawienia Matki Bo\u017cej, \u017ce chce, aby j\u0105 nazywa\u0107 Kr\u00f3low\u0105 Polski.<\/p>\n<p>Je\u015bli chodzi o sam\u0105 Polsk\u0119 i opiek\u0119 nad nami Matki Bo\u017cej, to nie starczy ani tego tekstu ani tom\u00f3w ksi\u0105\u017cek. Ale odpowiedzmy na podstawowe wcze\u015bniej pytanie. Czy wiemy, \u017ce tytu\u0142 Kr\u00f3lowej Polski zosta\u0142 og\u0142oszony w\u2026 nadtyre\u0144skim Neapolu w\u0142oskiemu jezuicie? Podczas objawienia 14 sierpnia 1608 roku Matka Bo\u017ca powiedzia\u0142a do ojca Giulioa Mancinelli\u201d\u2013<span class=\"has-inline-color has-vivid-cyan-blue-color\">\u00a0<em>\u201eDlaczego nie nazywasz Mnie Kr\u00f3low\u0105 Polski? Ja to kr\u00f3lestwo bardzo umi\u0142owa\u0142am i wielkie rzeczy dla niego zamierzam, poniewa\u017c osobliw\u0105 mi\u0142o\u015bci\u0105 do Mnie p\u0142on\u0105 jego synowie.\u201d<\/em><\/span><\/p>\n<p>Obecnie ma\u0142o, naprawd\u0119 ma\u0142o Polak\u00f3w wie, i\u017c Matka Bo\u017ca objawi\u0142a si\u0119, we W\u0142oszech w Neapolu w 1608r. a p\u00f3\u017aniej w Krakowie, podczas Mszy \u015awi\u0119tej odprawianej w Katedrze na Wawelu, w wielkiej dostojno\u015bci, aby powiedzie\u0107 nam jak bardzo nas ukocha\u0142a oraz, \u017ceby\u015bmy nazywali j\u0105 Kr\u00f3low\u0105 Polski.<\/p>\n<p>O. Giulio Mancinelli by\u0142 mistrzem nowicjatu Jezuit\u00f3w w Rzymie i opiekunem Stanis\u0142awa Kostki \u2013 naszego wielkiego \u015bwi\u0119tego \u2013 pod wra\u017ceniem kt\u00f3rego pobo\u017cno\u015bci i \u015bwiadectwa wiary by\u0142 on i wszyscy, kt\u00f3rzy go znali a zmar\u0142 Stanis\u0142aw 15 sierpnia 1568r. Przed \u015bmierci\u0105 m\u00f3wi\u0142 o ufno\u015bci w mi\u0142osierdzie Bo\u017ce a w ostatniej chwili powiedzia\u0142 wsp\u00f3\u0142braciom, \u017ce przysz\u0142a po niego Matka Bo\u017ca. Ojciec Giulio Mancinelli by\u0142 niezwyk\u0142\u0105 osob\u0105, o niezwyk\u0142ych charyzmatach, dzi\u0119ki \u0142asce Bo\u017cej jego g\u0142oszenie wzbudza\u0142o wiele nawr\u00f3ce\u0144, a podr\u00f3\u017cowa\u0142 wiele. Ojciec Giulio przebywaj\u0105c w Neapolu a mia\u0142 ju\u017c prawie 70 lat, 14 sierpnia 1608 roku wspomina\u0142 up\u0142yni\u0119cie 40 lat od \u015bmierci Stanis\u0142awa Kostki, kt\u00f3rego ceni\u0142 i kt\u00f3rego stara\u0142 si\u0119 na\u015bladowa\u0107, modli\u0142 si\u0119 w swoim klasztorze przy jezuickim ko\u015bciele Gesu Nuovo w Neapolu \u2013 gdy nagle zobaczy\u0142 Matk\u0119 Bo\u017c\u0105, wy\u0142aniaj\u0105c\u0105 si\u0119 z ob\u0142oku, w purpurowym p\u0142aszczu, z Dzieci\u0105tkiem na r\u0119ku. U jej st\u00f3p kl\u0119cza\u0142 m\u0142odzieniec w aureoli, rozpozna\u0142 w nim \u015bw. Stanis\u0142awa Kostk\u0119.<\/p>\n<p>Matka Bo\u017ca zapyta\u0142a w\u0142oskiego jezuit\u0119: \u2013<em>\u00a0<\/em><span class=\"has-inline-color has-vivid-cyan-blue-color\"><em>Dlaczego nie nazywasz Mnie Kr\u00f3low\u0105 Polski? Ja to kr\u00f3lestwo bardzo umi\u0142owa\u0142am i wielkie rzeczy dla niego zamierzam, poniewa\u017c osobliw\u0105 mi\u0142o\u015bci\u0105 do Mnie p\u0142on\u0105 jego synowie<\/em>.<\/span>\u00a0Ojciec Giulio wykrzykn\u0105\u0142: \u2013\u00a0Kr\u00f3lowo Polski Wniebowzi\u0119ta m\u00f3dl si\u0119 za Polsk\u0119! Po objawieniu powiedzia\u0142 on do wsp\u00f3\u0142braci nast\u0119puj\u0105cymi s\u0142owy: \u2013\u00a0Matka Bo\u017ca wielkie rzeczy dla Polak\u00f3w zamierza, po czym doda\u0142: \u2013\u00a0Kr\u00f3lowo Polski, m\u00f3dl si\u0119 za nami. Radosna wie\u015b\u0107 szybko rozesz\u0142a si\u0119 w\u015br\u00f3d Jezuit\u00f3w, dotar\u0142a tak te\u017c do ks. Piotra Skargi, \u017ce \u201esama Bogarodzica kaza\u0142a si\u0119 nazywa\u0107 Kr\u00f3low\u0105 Polski\u201d oraz o \u015bwi\u0119to\u015bci Stanis\u0142awa Kostki.<\/p>\n<p>A oto co o ci\u0105gu dalszym wydarze\u0144 powiedzia\u0142 3 maja 2013 roku wyg\u0142aszaj\u0105c Homili\u0119 na Jasnej G\u00f3rze, Przewodnicz\u0105cy Episkopatu Polski Abp J\u00f3zef Michalik: (\u2026) Po zbadaniu sprawy przez prze\u0142o\u017conych polecono uda\u0107 si\u0119 zakonnikowi z pielgrzymk\u0105 do Polski i samemu Kr\u00f3lowi Zygmuntowi III Wazie przekaza\u0107 t\u0119 wspania\u0142\u0105 nowin\u0119. Kiedy w 1610 roku odprawia\u0142 Msz\u0119 \u015awi\u0119t\u0105 w Katedrze na Wawelu objawienie powt\u00f3rzy\u0142o si\u0119, a by\u0142o to 8 maja 1610 roku, podczas Mszy \u015awi\u0119tej; jedyne takie objawienie Maryi Matki Boga na \u015bwiecie gdzie Matka Jezusa ukaza\u0142a si\u0119 w szatach Kr\u00f3lewskich i w czasie trwaj\u0105cej Mszy; Maryja oznajmi\u0142a:<span class=\"has-inline-color has-vivid-cyan-blue-color\">\u00a0\u201e<em>Jam jest Kr\u00f3lowa Polski. Jestem Matk\u0105 tego Narodu, kt\u00f3ry jest Mi bardzo drogi, wi\u0119c wstawiaj si\u0119 do mnie za nim i o pomy\u015blno\u015b\u0107 tej ziemi b\u0142agaj nieustannie, a Ja ci zawsze b\u0119d\u0119, jakom jest teraz, Mi\u0142o\u015bciw\u0105<\/em>.\u201d<\/span>\u00a0Objawienie to zosta\u0142o spisane w \u00f3wczesnych dokumentach (Vita P. Julii Mancinelli, p. 116-117) i potwierdzone przez \u00f3wczesnego Papie\u017ca Aleksandra VII oraz Papie\u017ca Piusa IX.(\u2026)<\/p>\n<p>15 sierpnia 1617r., gdy zakonnik ponownie przebywa\u0142 w klasztorze w Neapolu, objawi\u0142a si\u0119 mu wychodz\u0105c z ob\u0142oku Matka Bo\u017ca z Dzieci\u0105tkiem na r\u0119ku w wielkim majestacie, m\u00f3wi\u0105c, \u017ce za rok ujrzy j\u0105 w chwale Niebios, ale Tu jednak, na ziemi, aby nazywa\u0142 J\u0105 zawsze Kr\u00f3low\u0105 Polski. Ojciec Giulio zmar\u0142 rok p\u00f3\u017aniej, 50 lat po \u015bmierci swego wychowanka, w przeddzie\u0144 \u015bwi\u0119ta Wniebowzi\u0119cia Naj\u015bwi\u0119tszej Maryi Panny. Rozpocz\u0105\u0142 si\u0119 z inicjatywy Polak\u00f3w proces beatyfikacyjny, kt\u00f3ry wstrzymano z powodu kasacji zakon Jezuit\u00f3w w 1773r. Jak wspaniale by\u0142oby, aby go wznowi\u0107 z wdzi\u0119czno\u015bci dla Matki Bo\u017cej za objawienia tak wa\u017cne \u2013 od Niej dla Polak\u00f3w oraz z wdzi\u0119czno\u015bci dla Ojca Giulio Mancinellego za jego umi\u0142owanie Polski, polskich \u015bwi\u0119tych, za dzie\u0142o mu Matka Bo\u017ca zawierzy\u0142a.<\/p>\n<p>Nale\u017cy pami\u0119ta\u0107, \u017ce kilka dni po 1 kwietnia 1656r., czyli og\u0142oszeniu Matki Bo\u017cej Kr\u00f3low\u0105 Korony Polskiej przez kr\u00f3la Jana Kazimierza, w katedrze odby\u0142o si\u0119 nabo\u017ce\u0144stwo, na kt\u00f3rym od\u015bpiewano Litani\u0119 Loreta\u0144sk\u0105 a nuncjusz apostolski Pietro Vidoni doda\u0142 do niej wezwanie:<em>\u00a0<\/em><strong><em>\u201eRegina Regni Poloniae, ora pro nobis\u201d<\/em><\/strong><em>,<\/em><em>\u00a0\u201eKr\u00f3lowo Kr\u00f3lestwa Polskiego, m\u00f3dl si\u0119 za\u00a0nami\u201d<\/em>, kt\u00f3re zgromadzeni trzykrotnie powt\u00f3rzyli. W Litanii Loreta\u0144skiej modlimy si\u0119 nadal, Kr\u00f3lowo Polski \u2013 m\u00f3dl si\u0119 za nami.<\/p>\n<p>Cho\u0107 wiele kraj\u00f3w uzna\u0142o j\u0105 za swoj\u0105 Kr\u00f3low\u0105, Ona wybra\u0142a Polsk\u0119 na swoje szczeg\u00f3lne kr\u00f3lestwo i og\u0142osi\u0142a to! Odpowiedzi\u0105 Polak\u00f3w na Jej apel podczas krakowskiego objawienia na Wawelu, jest korona na wie\u017cy Ko\u015bcio\u0142a Mariackiego.<\/p>\n<p>Matka Bo\u017ca troszczy si\u0119 o nas ca\u0142y czas, znamy Jej cudowne interwencje. Najbardziej Maryjnym miejscem w Polsce jest Sanktuarium w Cz\u0119stochowie, a szczeg\u00f3lnym: kaplica klasztorna z cudownym obrazem Matki Bo\u017cej Jasnog\u00f3rskiej. Przyj\u0119\u0142o si\u0119, \u017ce obrazem Kr\u00f3lowej Polski jest obraz Matki Bo\u017cej Cz\u0119stochowskiej a \u201eCz\u0119stochowa\u201d Jej stolic\u0105. 8 wrze\u015bnia 1717 roku obraz ten jako drugi po Watykanie, na \u015bwiecie, ukoronowano papieskimi koronami. Trwa tam nieprzerwany ci\u0105g cud\u00f3w.<\/p>\n","protected":false},"excerpt":{"rendered":"<p>Polska jest wyj\u0105tkowym krajem a Polacy wyj\u0105tkowym narodem. Nasz\u0105 Kr\u00f3low\u0105 jest Matka Bo\u017ca, kt\u00f3rej opiece i wstawiennictwu zawdzi\u0119czamy tak wiele, \u017ce na pewno nie mo\u017cemy sobie tego nawet wyobrazi\u0107. Obrona Cz\u0119stochowy, cud nad Wis\u0142\u0105, gdy zaczniemy poznawa\u0107 histori\u0119 Polski, tyle, \u017ce nie z najnowszych \u017ar\u00f3de\u0142 (niestety), a najlepiej z tekst\u00f3w &hellip;<\/p>\n","protected":false},"author":1,"featured_media":6332,"comment_status":"closed","ping_status":"open","sticky":false,"template":"","format":"standard","meta":[],"categories":[1],"tags":[],"_links":{"self":[{"href":"http:\/\/olesnicaslw.archidiecezja.wroc.pl\/index.php\/wp-json\/wp\/v2\/posts\/6331"}],"collection":[{"href":"http:\/\/olesnicaslw.archidiecezja.wroc.pl\/index.php\/wp-json\/wp\/v2\/posts"}],"about":[{"href":"http:\/\/olesnicaslw.archidiecezja.wroc.pl\/index.php\/wp-json\/wp\/v2\/types\/post"}],"author":[{"embeddable":true,"href":"http:\/\/olesnicaslw.archidiecezja.wroc.pl\/index.php\/wp-json\/wp\/v2\/users\/1"}],"replies":[{"embeddable":true,"href":"http:\/\/olesnicaslw.archidiecezja.wroc.pl\/index.php\/wp-json\/wp\/v2\/comments?post=6331"}],"version-history":[{"count":1,"href":"http:\/\/olesnicaslw.archidiecezja.wroc.pl\/index.php\/wp-json\/wp\/v2\/posts\/6331\/revisions"}],"predecessor-version":[{"id":6333,"href":"http:\/\/olesnicaslw.archidiecezja.wroc.pl\/index.php\/wp-json\/wp\/v2\/posts\/6331\/revisions\/6333"}],"wp:featuredmedia":[{"embeddable":true,"href":"http:\/\/olesnicaslw.archidiecezja.wroc.pl\/index.php\/wp-json\/wp\/v2\/media\/6332"}],"wp:attachment":[{"href":"http:\/\/olesnicaslw.archidiecezja.wroc.pl\/index.php\/wp-json\/wp\/v2\/media?parent=6331"}],"wp:term":[{"taxonomy":"category","embeddable":true,"href":"http:\/\/olesnicaslw.archidiecezja.wroc.pl\/index.php\/wp-json\/wp\/v2\/categories?post=6331"},{"taxonomy":"post_tag","embeddable":true,"href":"http:\/\/olesnicaslw.archidiecezja.wroc.pl\/index.php\/wp-json\/wp\/v2\/tags?post=6331"}],"curies":[{"name":"wp","href":"https:\/\/api.w.org\/{rel}","templated":true}]}}