{"id":6328,"date":"2026-04-30T08:44:45","date_gmt":"2026-04-30T06:44:45","guid":{"rendered":"http:\/\/olesnicaslw.archidiecezja.wroc.pl\/?p=6328"},"modified":"2026-04-30T08:44:45","modified_gmt":"2026-04-30T06:44:45","slug":"najpiekniejszy-miesiac-maj","status":"publish","type":"post","link":"http:\/\/olesnicaslw.archidiecezja.wroc.pl\/index.php\/2026\/04\/30\/najpiekniejszy-miesiac-maj\/","title":{"rendered":"Najpi\u0119kniejszy miesi\u0105c Maj&#8230;.."},"content":{"rendered":"<p>Maj w Ko\u015bciele Katolickim jest miesi\u0105cem szczeg\u00f3lnie po\u015bwi\u0119conym Matce Bo\u017cej. Parafie i rodziny intensywniej modl\u0105 si\u0119 w tych dniach za wstawiennictwem Maryi, w ko\u015bcio\u0142ach lub przed przydro\u017cnymi kapliczkami, odmawiaj\u0105c Litani\u0119 Loreta\u0144sk\u0105 oraz \u015bpiewaj\u0105c pie\u015bni maryjne. \u00a0Nabo\u017ce\u0144stwa majowe s\u0105 najbardziej popularn\u0105 form\u0105 czci Matki Bo\u017cej w tym czasie.<\/p>\n<p>Ojcem nabo\u017ce\u0144stw majowych jest \u017cyj\u0105cy na prze\u0142omie XVII i XVIII wieku w Neapolu jezuita o. Ansolani.\u00a0Organizowa\u0142 on w kaplicy kr\u00f3lewskiej specjalne koncerty pie\u015bni maryjnych, kt\u00f3re ko\u0144czy\u0142 uroczystym b\u0142ogos\u0142awie\u0144stwem Naj\u015bwi\u0119tszym Sakramentem. Wielkim propagatorem tej formy czci Matki Bo\u017cej by\u0142 jezuita, o. Muzzarelli, kt\u00f3ry w 1787 r. wyda\u0142 specjaln\u0105 broszurk\u0119, kt\u00f3r\u0105 rozes\u0142a\u0142 do wszystkich w\u0142oskich biskup\u00f3w. Po mimo kasaty jezuit\u00f3w przez Klemensa XIV, o. Mazurelli wprowadzi\u0142 nabo\u017ce\u0144stwo majowe w ko\u015bciele Il Gesu w Rzymie. Rozpowszechni\u0142 je r\u00f3wnie\u017c w Pary\u017cu, towarzysz\u0105c papie\u017cowi Piusowi VII podczas koronacji Napoleona Bonaparte. To w\u0142a\u015bnie Pius VII obdarzy\u0142 nabo\u017ce\u0144stwo majowe pierwszymi odpustami. W 1859 r. kolejny nast\u0119pca \u015bw. Piotra \u2013 Pius IX, zatwierdzi\u0142 obowi\u0105zuj\u0105c\u0105 do naszych czas\u00f3w form\u0119 nabo\u017ce\u0144stwa, sk\u0142adaj\u0105cego si\u0119 z Litanii Loreta\u0144skiej, nauki kap\u0142ana oraz uroczystego b\u0142ogos\u0142awie\u0144stwa Naj\u015bwi\u0119tszym Sakramentem.<\/p>\n<p>Litania Loreta\u0144ska, kt\u00f3ra jest g\u0142\u00f3wn\u0105 cz\u0119\u015bci\u0105 nabo\u017ce\u0144stw majowych,\u00a0powsta\u0142a prawdopodobnie ju\u017c w XII w. we Francji. Zebrane wezwania s\u0142awi\u0105ce Maryj\u0119 Pann\u0119 zatwierdzi\u0142 11 czerwca 1587 r. papie\u017c Sykstus V. Swoj\u0105 nazw\u0119 zawdzi\u0119cza w\u0142oskiej miejscowo\u015bci Loretto, gdzie by\u0142a niezwykle popularna. Poniewa\u017c cz\u0119sto modl\u0105cy si\u0119 dodawali do niej w\u0142asne wezwania, w 1631 r. \u015awi\u0119ta Kongregacja Obrz\u0119d\u00f3w zakaza\u0142a dokonywania w tek\u015bcie samowolnych zmian.<\/p>\n<p>Nowe wezwania posiada\u0142y aprobat\u0119 Ko\u015bcio\u0142a i wynika\u0142y z rozwoju Mariologii. W Polsce jest o jedno wezwanie wi\u0119cej. W okresie mi\u0119dzywojennym, po zatwierdzeniu przez Stolic\u0119 Apostolsk\u0105 uroczysto\u015bci Naj\u015bwi\u0119tszej Maryi Panny Kr\u00f3lowej Polski, za zgod\u0105 papie\u017ca Piusa XI, do Litanii do\u0142\u0105czono wezwanie \u201eKr\u00f3lowo Polski\u201d.<\/p>\n<p>Konferencja Episkopatu Polski 28 sierpnia 2020 r. zatwierdzi\u0142a polskie t\u0142umaczenie trzech nowych wezwa\u0144 Litanii loreta\u0144skiej. S\u0105 to wezwania: \u201eMatko mi\u0142osierdzia\u201d, \u201eMatko nadziei\u201d, \u201ePociecho migrant\u00f3w\u201d.<\/p>\n<p>Nowe wezwania Litanii loreta\u0144skiej, wprowadzone w j\u0119zyku \u0142aci\u0144skim przez Stolic\u0119 Apostolsk\u0105 20 czerwca 2020 r., brzmi\u0105 w j\u0119zyku polskim kolejno: \u201eMatko mi\u0142osierdzia\u201d (po \u201eMatko Ko\u015bcio\u0142a\u201d), \u201eMatko nadziei\u201d (po \u201eMatko \u0142aski Bo\u017cej\u201d), \u201ePociecho migrant\u00f3w\u201d (po \u201eUcieczko grzesznych\u201d). Wezwanie \u201eMatko mi\u0142osierdzia\u201d, kt\u00f3re w polskiej wersji Litanii ju\u017c by\u0142o w u\u017cyciu (po wezwaniu \u201eMatko \u0142aski Bo\u017cej\u201d), b\u0119dzie znajdowa\u0107 si\u0119 w nowym miejscu.<\/p>\n<p>W Polsce pierwsze odnotowane nabo\u017ce\u0144stwa majowe zosta\u0142y wprowadzone w 1838 r.\u00a0przez jezuit\u00f3w w Tarnopolu. W po\u0142owie XIX w. \u201emaj\u00f3wki\u201d odprawiane ju\u017c by\u0142y w wielu miastach, m.in. w Warszawie w ko\u015bciele \u015aw. Krzy\u017ca, w Krakowie, P\u0142ocku, Toruniu, Nowym S\u0105czu, Lwowie i W\u0142oc\u0142awku.<\/p>\n<p>\u017ar\u00f3d\u0142o : nsjsrem.pl<\/p>\n<h1>Nabo\u017ce\u0144stwa majowe w naszej parafii odprawiane s\u0105 codziennie o godz. 17.30<\/h1>\n","protected":false},"excerpt":{"rendered":"<p>Maj w Ko\u015bciele Katolickim jest miesi\u0105cem szczeg\u00f3lnie po\u015bwi\u0119conym Matce Bo\u017cej. Parafie i rodziny intensywniej modl\u0105 si\u0119 w tych dniach za wstawiennictwem Maryi, w ko\u015bcio\u0142ach lub przed przydro\u017cnymi kapliczkami, odmawiaj\u0105c Litani\u0119 Loreta\u0144sk\u0105 oraz \u015bpiewaj\u0105c pie\u015bni maryjne. \u00a0Nabo\u017ce\u0144stwa majowe s\u0105 najbardziej popularn\u0105 form\u0105 czci Matki Bo\u017cej w tym czasie. Ojcem nabo\u017ce\u0144stw majowych &hellip;<\/p>\n","protected":false},"author":1,"featured_media":6329,"comment_status":"closed","ping_status":"open","sticky":false,"template":"","format":"standard","meta":[],"categories":[1],"tags":[],"_links":{"self":[{"href":"http:\/\/olesnicaslw.archidiecezja.wroc.pl\/index.php\/wp-json\/wp\/v2\/posts\/6328"}],"collection":[{"href":"http:\/\/olesnicaslw.archidiecezja.wroc.pl\/index.php\/wp-json\/wp\/v2\/posts"}],"about":[{"href":"http:\/\/olesnicaslw.archidiecezja.wroc.pl\/index.php\/wp-json\/wp\/v2\/types\/post"}],"author":[{"embeddable":true,"href":"http:\/\/olesnicaslw.archidiecezja.wroc.pl\/index.php\/wp-json\/wp\/v2\/users\/1"}],"replies":[{"embeddable":true,"href":"http:\/\/olesnicaslw.archidiecezja.wroc.pl\/index.php\/wp-json\/wp\/v2\/comments?post=6328"}],"version-history":[{"count":1,"href":"http:\/\/olesnicaslw.archidiecezja.wroc.pl\/index.php\/wp-json\/wp\/v2\/posts\/6328\/revisions"}],"predecessor-version":[{"id":6330,"href":"http:\/\/olesnicaslw.archidiecezja.wroc.pl\/index.php\/wp-json\/wp\/v2\/posts\/6328\/revisions\/6330"}],"wp:featuredmedia":[{"embeddable":true,"href":"http:\/\/olesnicaslw.archidiecezja.wroc.pl\/index.php\/wp-json\/wp\/v2\/media\/6329"}],"wp:attachment":[{"href":"http:\/\/olesnicaslw.archidiecezja.wroc.pl\/index.php\/wp-json\/wp\/v2\/media?parent=6328"}],"wp:term":[{"taxonomy":"category","embeddable":true,"href":"http:\/\/olesnicaslw.archidiecezja.wroc.pl\/index.php\/wp-json\/wp\/v2\/categories?post=6328"},{"taxonomy":"post_tag","embeddable":true,"href":"http:\/\/olesnicaslw.archidiecezja.wroc.pl\/index.php\/wp-json\/wp\/v2\/tags?post=6328"}],"curies":[{"name":"wp","href":"https:\/\/api.w.org\/{rel}","templated":true}]}}