{"id":6142,"date":"2026-03-12T10:08:35","date_gmt":"2026-03-12T09:08:35","guid":{"rendered":"http:\/\/olesnicaslw.archidiecezja.wroc.pl\/?p=6142"},"modified":"2026-03-12T10:14:42","modified_gmt":"2026-03-12T09:14:42","slug":"pielgrzymka-do-medziugorie-20-06-28-06-2026-9-dni","status":"publish","type":"post","link":"http:\/\/olesnicaslw.archidiecezja.wroc.pl\/index.php\/2026\/03\/12\/pielgrzymka-do-medziugorie-20-06-28-06-2026-9-dni\/","title":{"rendered":"Pielgrzymka do Medziugorie 20.06-28.06 2026 &#8211; 9 dni"},"content":{"rendered":"<p>Zapraszamy na pielgrzymk\u0119 do Medziugorie w dniach 20.06 &#8211; 28.06. 2026 &#8211; 9 dni<\/p>\n<p>Koszt 1000z\u0142 + 340 euro, zapisy i wi\u0119cej informacji pod nr telefonu 608 297 288 www.monikaswat.pl, Wpis do rejestru organizator\u00f3w turystyki nr 1020.<\/p>\n<p><a href=\"http:\/\/olesnicaslw.archidiecezja.wroc.pl\/wp-content\/uploads\/2026\/03\/Medugorje-2026-ROCZNICA-Ks.-PrzemysL_aw-Fic-1.pdf\"><br \/>\n<img decoding=\"async\" loading=\"lazy\" class=\"aligncenter size-large wp-image-6145\" src=\"http:\/\/olesnicaslw.archidiecezja.wroc.pl\/wp-content\/uploads\/2026\/03\/Medugorje-2026-ROCZNICA-Ks.-PrzemysL_aw-Fic-1-724x1024.jpg\" alt=\"\" width=\"724\" height=\"1024\" srcset=\"http:\/\/olesnicaslw.archidiecezja.wroc.pl\/wp-content\/uploads\/2026\/03\/Medugorje-2026-ROCZNICA-Ks.-PrzemysL_aw-Fic-1-724x1024.jpg 724w, http:\/\/olesnicaslw.archidiecezja.wroc.pl\/wp-content\/uploads\/2026\/03\/Medugorje-2026-ROCZNICA-Ks.-PrzemysL_aw-Fic-1-212x300.jpg 212w, http:\/\/olesnicaslw.archidiecezja.wroc.pl\/wp-content\/uploads\/2026\/03\/Medugorje-2026-ROCZNICA-Ks.-PrzemysL_aw-Fic-1-768x1086.jpg 768w, http:\/\/olesnicaslw.archidiecezja.wroc.pl\/wp-content\/uploads\/2026\/03\/Medugorje-2026-ROCZNICA-Ks.-PrzemysL_aw-Fic-1-1086x1536.jpg 1086w, http:\/\/olesnicaslw.archidiecezja.wroc.pl\/wp-content\/uploads\/2026\/03\/Medugorje-2026-ROCZNICA-Ks.-PrzemysL_aw-Fic-1-1448x2048.jpg 1448w, http:\/\/olesnicaslw.archidiecezja.wroc.pl\/wp-content\/uploads\/2026\/03\/Medugorje-2026-ROCZNICA-Ks.-PrzemysL_aw-Fic-1-scaled.jpg 1810w\" sizes=\"(max-width: 724px) 100vw, 724px\" \/><\/a><a href=\"http:\/\/olesnicaslw.archidiecezja.wroc.pl\/wp-content\/uploads\/2026\/03\/Medugorje-2026-ROCZNICA-Ks.-PrzemysL_aw-Fic-1.pdf\">LINK DO PLAKATU PDF &#8211; Medugorje &#8211; 2026 &#8211; ROCZNICA &#8211; Ks. Przemys\u0139_aw Fic (1)<\/a><\/p>\n","protected":false},"excerpt":{"rendered":"<p>Zapraszamy na pielgrzymk\u0119 do Medziugorie w dniach 20.06 &#8211; 28.06. 2026 &#8211; 9 dni Koszt 1000z\u0142 + 340 euro, zapisy i wi\u0119cej informacji pod nr telefonu 608 297 288 www.monikaswat.pl, Wpis do rejestru organizator\u00f3w turystyki nr 1020. LINK DO PLAKATU PDF &#8211; Medugorje &#8211; 2026 &#8211; ROCZNICA &#8211; Ks. Przemys\u0139_aw &hellip;<\/p>\n","protected":false},"author":1,"featured_media":0,"comment_status":"closed","ping_status":"open","sticky":false,"template":"","format":"standard","meta":[],"categories":[1],"tags":[],"_links":{"self":[{"href":"http:\/\/olesnicaslw.archidiecezja.wroc.pl\/index.php\/wp-json\/wp\/v2\/posts\/6142"}],"collection":[{"href":"http:\/\/olesnicaslw.archidiecezja.wroc.pl\/index.php\/wp-json\/wp\/v2\/posts"}],"about":[{"href":"http:\/\/olesnicaslw.archidiecezja.wroc.pl\/index.php\/wp-json\/wp\/v2\/types\/post"}],"author":[{"embeddable":true,"href":"http:\/\/olesnicaslw.archidiecezja.wroc.pl\/index.php\/wp-json\/wp\/v2\/users\/1"}],"replies":[{"embeddable":true,"href":"http:\/\/olesnicaslw.archidiecezja.wroc.pl\/index.php\/wp-json\/wp\/v2\/comments?post=6142"}],"version-history":[{"count":3,"href":"http:\/\/olesnicaslw.archidiecezja.wroc.pl\/index.php\/wp-json\/wp\/v2\/posts\/6142\/revisions"}],"predecessor-version":[{"id":6147,"href":"http:\/\/olesnicaslw.archidiecezja.wroc.pl\/index.php\/wp-json\/wp\/v2\/posts\/6142\/revisions\/6147"}],"wp:attachment":[{"href":"http:\/\/olesnicaslw.archidiecezja.wroc.pl\/index.php\/wp-json\/wp\/v2\/media?parent=6142"}],"wp:term":[{"taxonomy":"category","embeddable":true,"href":"http:\/\/olesnicaslw.archidiecezja.wroc.pl\/index.php\/wp-json\/wp\/v2\/categories?post=6142"},{"taxonomy":"post_tag","embeddable":true,"href":"http:\/\/olesnicaslw.archidiecezja.wroc.pl\/index.php\/wp-json\/wp\/v2\/tags?post=6142"}],"curies":[{"name":"wp","href":"https:\/\/api.w.org\/{rel}","templated":true}]}}